{"id":21295,"date":"2024-12-19T11:29:34","date_gmt":"2024-12-19T10:29:34","guid":{"rendered":"https:\/\/www.siroco-hvac.com\/presse-management-thermique-pour-engins-electriques\/"},"modified":"2025-01-29T13:11:53","modified_gmt":"2025-01-29T12:11:53","slug":"gestion-termica-vehiculos-electricos","status":"publish","type":"post","link":"https:\/\/www.siroco-hvac.com\/es\/gestion-termica-vehiculos-electricos\/","title":{"rendered":"PRENSA &#8211; GESTI\u00d3N T\u00c9RMICA PARA VEH\u00cdCULOS EL\u00c9CTRICOS"},"content":{"rendered":"<h3>Siroco presenta sus soluciones de gesti\u00f3n t\u00e9rmica para veh\u00edculos comerciales el\u00e9ctricos en la edici\u00f3n especial anual \u00abm\u00e1quinas todoterreno\u00bb 2024 de IVT INTERNATIONAL.<\/h3>\n<p><img loading=\"lazy\" decoding=\"async\" class=\"alignnone size-medium wp-image-21283\" src=\"https:\/\/www.siroco-hvac.com\/app\/uploads\/2024\/12\/siroco-tms-450x300.png\" alt=\"\" width=\"450\" height=\"300\" srcset=\"https:\/\/www.siroco-hvac.com\/app\/uploads\/2024\/12\/siroco-tms-450x300.png 450w, https:\/\/www.siroco-hvac.com\/app\/uploads\/2024\/12\/siroco-tms-1024x683.png 1024w, https:\/\/www.siroco-hvac.com\/app\/uploads\/2024\/12\/siroco-tms-768x512.png 768w, https:\/\/www.siroco-hvac.com\/app\/uploads\/2024\/12\/siroco-tms-1536x1024.png 1536w, https:\/\/www.siroco-hvac.com\/app\/uploads\/2024\/12\/siroco-tms-2048x1365.png 2048w\" sizes=\"auto, (max-width: 450px) 100vw, 450px\" \/><\/p>\n<p>Esta edici\u00f3n \u00aboff-highway\u00bb ofrece una visi\u00f3n general de los \u00faltimos avances en t\u00e9rminos de dise\u00f1o, ingenier\u00eda y componentes para 2024, y presenta en la p\u00e1gina 80 las soluciones SIROCO que responden a los retos t\u00e9cnicos de la maquinaria industrial electrificada. SIROCO destaca sus innovadoras soluciones t\u00e9rmicas para maquinaria industrial electrificada: gesti\u00f3n t\u00e9rmica, climatizaci\u00f3n y aire acondicionado el\u00e9ctrico de techo, conjunto condensador-compresor, unidad vertical el\u00e9ctrica, controlador CAN, etc.<\/p>\n<p>Dise\u00f1adas para optimizar la<strong> eficiencia energ\u00e9tica de los veh\u00edculos,<\/strong> garantizando al mismo tiempo un <strong>confort t\u00e9rmico \u00f3ptimo<\/strong> en la cabina, SIROCO expone sus soluciones el\u00e9ctricas est\u00e1ndar y espec\u00edficas. En un sector en el que la <strong>electromovilidad de los veh\u00edculos todoterreno<\/strong> se enfrenta a numerosos obst\u00e1culos, entre ellos un <strong>enfoque m\u00e1s preciso de la temperatura de la cabina y de la utilizaci\u00f3n de las bater\u00edas<\/strong>, SIROCO es un actor clave para responder a estos retos.<\/p>\n<p>Los retos t\u00e9rmicos de los motores el\u00e9ctricos, tanto en t\u00e9rminos de <strong>gesti\u00f3n de la bater\u00eda como de control de la temperatura de la cabina<\/strong>, son cruciales. SIROCO, reconocido <strong>experto en la gesti\u00f3n t\u00e9rmica de veh\u00edculos industriales<\/strong>, apoya a los principales fabricantes de equipos del mundo en la conversi\u00f3n el\u00e9ctrica de sus sistemas t\u00e9rmicos. Siroco ampl\u00eda as\u00ed su oferta de <strong>e-movilidad proponiendo soluciones de alta calidad<\/strong> y alto rendimiento, f\u00e1ciles de integrar en las cabinas de los veh\u00edculos industriales.<\/p>\n<p>El art\u00edculo de IVT INTERNATIONAL destaca as\u00ed la importancia de las <strong>innovaciones t\u00e9rmicas de SIROCO<\/strong>, que responden al doble reto de ahorrar energ\u00eda de la bater\u00eda y garantizar un confort t\u00e9rmico constante en la cabina. Con soluciones a medida y de alto rendimiento, SIROCO sigue desempe\u00f1ando un papel de liderazgo en la electrificaci\u00f3n de la maquinaria industrial, contribuyendo a un futuro m\u00e1s sostenible para el sector.<\/p>\n<p>&nbsp;<\/p>\n<p>Lea el art\u00edculo haciendo clic en el siguiente enlace y obtenga m\u00e1s informaci\u00f3n sobre :<\/p>\n<ul>\n<li>gesti\u00f3n t\u00e9rmica a medida<\/li>\n<li>nuestras unidades el\u00e9ctricas est\u00e1ndar<\/li>\n<li>nuestras nuevas herramientas de simulaci\u00f3n<\/li>\n<\/ul>\n","protected":false},"excerpt":{"rendered":"<p>Siroco presenta sus soluciones de gesti\u00f3n t\u00e9rmica para veh\u00edculos comerciales el\u00e9ctricos en la edici\u00f3n especial anual \u00abm\u00e1quinas todoterreno\u00bb 2024 de&#8230;<\/p>\n","protected":false},"author":13,"featured_media":21286,"comment_status":"closed","ping_status":"closed","sticky":false,"template":"","format":"standard","meta":{"_acf_changed":false,"inline_featured_image":false,"footnotes":""},"categories":[118],"tags":[],"class_list":["post-21295","post","type-post","status-publish","format-standard","has-post-thumbnail","hentry","category-prensa-es"],"acf":[],"yoast_head":"<!-- This site is optimized with the Yoast SEO plugin v27.4 - https:\/\/yoast.com\/product\/yoast-seo-wordpress\/ -->\n<title>PRENSA - GESTI\u00d3N T\u00c9RMICA PARA VEH\u00cdCULOS EL\u00c9CTRICOS - Siroco<\/title>\n<meta name=\"description\" content=\"Siroco presenta sus soluciones de gesti\u00f3n t\u00e9rmica para veh\u00edculos comerciales el\u00e9ctricos en la edici\u00f3n anual 2024 de IVT INTERNATIONAL.\" \/>\n<meta name=\"robots\" content=\"index, follow, max-snippet:-1, max-image-preview:large, max-video-preview:-1\" \/>\n<link rel=\"canonical\" href=\"https:\/\/www.siroco-hvac.com\/es\/gestion-termica-vehiculos-electricos\/\" \/>\n<meta property=\"og:locale\" content=\"es_ES\" \/>\n<meta property=\"og:type\" content=\"article\" \/>\n<meta property=\"og:title\" content=\"PRENSA - GESTI\u00d3N T\u00c9RMICA PARA VEH\u00cdCULOS EL\u00c9CTRICOS - Siroco\" \/>\n<meta property=\"og:description\" content=\"Siroco presenta sus soluciones de gesti\u00f3n t\u00e9rmica para veh\u00edculos comerciales el\u00e9ctricos en la edici\u00f3n anual 2024 de IVT INTERNATIONAL.\" \/>\n<meta property=\"og:url\" content=\"https:\/\/www.siroco-hvac.com\/es\/gestion-termica-vehiculos-electricos\/\" \/>\n<meta property=\"og:site_name\" content=\"Siroco\" \/>\n<meta property=\"article:published_time\" content=\"2024-12-19T10:29:34+00:00\" \/>\n<meta property=\"article:modified_time\" content=\"2025-01-29T12:11:53+00:00\" \/>\n<meta property=\"og:image\" content=\"https:\/\/www.siroco-hvac.com\/app\/uploads\/2024\/12\/siroco-tms-1024x683.png\" \/>\n\t<meta property=\"og:image:width\" content=\"1024\" \/>\n\t<meta property=\"og:image:height\" content=\"683\" \/>\n\t<meta property=\"og:image:type\" content=\"image\/png\" \/>\n<meta name=\"author\" content=\"cyndie2\" \/>\n<meta name=\"twitter:card\" content=\"summary_large_image\" \/>\n<meta name=\"twitter:label1\" content=\"Written by\" \/>\n\t<meta name=\"twitter:data1\" content=\"cyndie2\" \/>\n\t<meta name=\"twitter:label2\" content=\"Est. reading time\" \/>\n\t<meta name=\"twitter:data2\" content=\"3 minutes\" \/>\n<script type=\"application\/ld+json\" class=\"yoast-schema-graph\">{\"@context\":\"https:\\\/\\\/schema.org\",\"@graph\":[{\"@type\":\"Article\",\"@id\":\"https:\\\/\\\/www.siroco-hvac.com\\\/es\\\/gestion-termica-vehiculos-electricos\\\/#article\",\"isPartOf\":{\"@id\":\"https:\\\/\\\/www.siroco-hvac.com\\\/es\\\/gestion-termica-vehiculos-electricos\\\/\"},\"author\":{\"name\":\"cyndie2\",\"@id\":\"https:\\\/\\\/www.siroco-hvac.com\\\/es\\\/#\\\/schema\\\/person\\\/d4d2c32d040c64f2717dc0630c2014eb\"},\"headline\":\"PRENSA &#8211; GESTI\u00d3N T\u00c9RMICA PARA VEH\u00cdCULOS EL\u00c9CTRICOS\",\"datePublished\":\"2024-12-19T10:29:34+00:00\",\"dateModified\":\"2025-01-29T12:11:53+00:00\",\"mainEntityOfPage\":{\"@id\":\"https:\\\/\\\/www.siroco-hvac.com\\\/es\\\/gestion-termica-vehiculos-electricos\\\/\"},\"wordCount\":404,\"image\":{\"@id\":\"https:\\\/\\\/www.siroco-hvac.com\\\/es\\\/gestion-termica-vehiculos-electricos\\\/#primaryimage\"},\"thumbnailUrl\":\"https:\\\/\\\/www.siroco-hvac.com\\\/app\\\/uploads\\\/2024\\\/12\\\/siroco-tms.png\",\"articleSection\":[\"Prensa\"],\"inLanguage\":\"es-ES\"},{\"@type\":\"WebPage\",\"@id\":\"https:\\\/\\\/www.siroco-hvac.com\\\/es\\\/gestion-termica-vehiculos-electricos\\\/\",\"url\":\"https:\\\/\\\/www.siroco-hvac.com\\\/es\\\/gestion-termica-vehiculos-electricos\\\/\",\"name\":\"PRENSA - GESTI\u00d3N T\u00c9RMICA PARA VEH\u00cdCULOS EL\u00c9CTRICOS - Siroco\",\"isPartOf\":{\"@id\":\"https:\\\/\\\/www.siroco-hvac.com\\\/es\\\/#website\"},\"primaryImageOfPage\":{\"@id\":\"https:\\\/\\\/www.siroco-hvac.com\\\/es\\\/gestion-termica-vehiculos-electricos\\\/#primaryimage\"},\"image\":{\"@id\":\"https:\\\/\\\/www.siroco-hvac.com\\\/es\\\/gestion-termica-vehiculos-electricos\\\/#primaryimage\"},\"thumbnailUrl\":\"https:\\\/\\\/www.siroco-hvac.com\\\/app\\\/uploads\\\/2024\\\/12\\\/siroco-tms.png\",\"datePublished\":\"2024-12-19T10:29:34+00:00\",\"dateModified\":\"2025-01-29T12:11:53+00:00\",\"author\":{\"@id\":\"https:\\\/\\\/www.siroco-hvac.com\\\/es\\\/#\\\/schema\\\/person\\\/d4d2c32d040c64f2717dc0630c2014eb\"},\"description\":\"Siroco presenta sus soluciones de gesti\u00f3n t\u00e9rmica para veh\u00edculos comerciales el\u00e9ctricos en la edici\u00f3n anual 2024 de IVT INTERNATIONAL.\",\"breadcrumb\":{\"@id\":\"https:\\\/\\\/www.siroco-hvac.com\\\/es\\\/gestion-termica-vehiculos-electricos\\\/#breadcrumb\"},\"inLanguage\":\"es-ES\",\"potentialAction\":[{\"@type\":\"ReadAction\",\"target\":[\"https:\\\/\\\/www.siroco-hvac.com\\\/es\\\/gestion-termica-vehiculos-electricos\\\/\"]}]},{\"@type\":\"ImageObject\",\"inLanguage\":\"es-ES\",\"@id\":\"https:\\\/\\\/www.siroco-hvac.com\\\/es\\\/gestion-termica-vehiculos-electricos\\\/#primaryimage\",\"url\":\"https:\\\/\\\/www.siroco-hvac.com\\\/app\\\/uploads\\\/2024\\\/12\\\/siroco-tms.png\",\"contentUrl\":\"https:\\\/\\\/www.siroco-hvac.com\\\/app\\\/uploads\\\/2024\\\/12\\\/siroco-tms.png\",\"width\":6000,\"height\":4000},{\"@type\":\"BreadcrumbList\",\"@id\":\"https:\\\/\\\/www.siroco-hvac.com\\\/es\\\/gestion-termica-vehiculos-electricos\\\/#breadcrumb\",\"itemListElement\":[{\"@type\":\"ListItem\",\"position\":1,\"name\":\"Home\",\"item\":\"https:\\\/\\\/www.siroco-hvac.com\\\/es\\\/\"},{\"@type\":\"ListItem\",\"position\":2,\"name\":\"PRENSA &#8211; GESTI\u00d3N T\u00c9RMICA PARA VEH\u00cdCULOS EL\u00c9CTRICOS\"}]},{\"@type\":\"WebSite\",\"@id\":\"https:\\\/\\\/www.siroco-hvac.com\\\/es\\\/#website\",\"url\":\"https:\\\/\\\/www.siroco-hvac.com\\\/es\\\/\",\"name\":\"Siroco\",\"description\":\"Energize the air\",\"potentialAction\":[{\"@type\":\"SearchAction\",\"target\":{\"@type\":\"EntryPoint\",\"urlTemplate\":\"https:\\\/\\\/www.siroco-hvac.com\\\/es\\\/?s={search_term_string}\"},\"query-input\":{\"@type\":\"PropertyValueSpecification\",\"valueRequired\":true,\"valueName\":\"search_term_string\"}}],\"inLanguage\":\"es-ES\"},{\"@type\":\"Person\",\"@id\":\"https:\\\/\\\/www.siroco-hvac.com\\\/es\\\/#\\\/schema\\\/person\\\/d4d2c32d040c64f2717dc0630c2014eb\",\"name\":\"cyndie2\",\"image\":{\"@type\":\"ImageObject\",\"inLanguage\":\"es-ES\",\"@id\":\"https:\\\/\\\/secure.gravatar.com\\\/avatar\\\/3df8f728887d7fcf32e14fc3f5a9a2d01a07938686be9faefcabce63feb55ce6?s=96&d=mm&r=g\",\"url\":\"https:\\\/\\\/secure.gravatar.com\\\/avatar\\\/3df8f728887d7fcf32e14fc3f5a9a2d01a07938686be9faefcabce63feb55ce6?s=96&d=mm&r=g\",\"contentUrl\":\"https:\\\/\\\/secure.gravatar.com\\\/avatar\\\/3df8f728887d7fcf32e14fc3f5a9a2d01a07938686be9faefcabce63feb55ce6?s=96&d=mm&r=g\",\"caption\":\"cyndie2\"},\"url\":\"https:\\\/\\\/www.siroco-hvac.com\\\/es\\\/author\\\/cyndie2\\\/\"}]}<\/script>\n<!-- \/ Yoast SEO plugin. -->","yoast_head_json":{"title":"PRENSA - GESTI\u00d3N T\u00c9RMICA PARA VEH\u00cdCULOS EL\u00c9CTRICOS - Siroco","description":"Siroco presenta sus soluciones de gesti\u00f3n t\u00e9rmica para veh\u00edculos comerciales el\u00e9ctricos en la edici\u00f3n anual 2024 de IVT INTERNATIONAL.","robots":{"index":"index","follow":"follow","max-snippet":"max-snippet:-1","max-image-preview":"max-image-preview:large","max-video-preview":"max-video-preview:-1"},"canonical":"https:\/\/www.siroco-hvac.com\/es\/gestion-termica-vehiculos-electricos\/","og_locale":"es_ES","og_type":"article","og_title":"PRENSA - GESTI\u00d3N T\u00c9RMICA PARA VEH\u00cdCULOS EL\u00c9CTRICOS - Siroco","og_description":"Siroco presenta sus soluciones de gesti\u00f3n t\u00e9rmica para veh\u00edculos comerciales el\u00e9ctricos en la edici\u00f3n anual 2024 de IVT INTERNATIONAL.","og_url":"https:\/\/www.siroco-hvac.com\/es\/gestion-termica-vehiculos-electricos\/","og_site_name":"Siroco","article_published_time":"2024-12-19T10:29:34+00:00","article_modified_time":"2025-01-29T12:11:53+00:00","og_image":[{"width":1024,"height":683,"url":"https:\/\/www.siroco-hvac.com\/app\/uploads\/2024\/12\/siroco-tms-1024x683.png","type":"image\/png"}],"author":"cyndie2","twitter_card":"summary_large_image","twitter_misc":{"Written by":"cyndie2","Est. reading time":"3 minutes"},"schema":{"@context":"https:\/\/schema.org","@graph":[{"@type":"Article","@id":"https:\/\/www.siroco-hvac.com\/es\/gestion-termica-vehiculos-electricos\/#article","isPartOf":{"@id":"https:\/\/www.siroco-hvac.com\/es\/gestion-termica-vehiculos-electricos\/"},"author":{"name":"cyndie2","@id":"https:\/\/www.siroco-hvac.com\/es\/#\/schema\/person\/d4d2c32d040c64f2717dc0630c2014eb"},"headline":"PRENSA &#8211; GESTI\u00d3N T\u00c9RMICA PARA VEH\u00cdCULOS EL\u00c9CTRICOS","datePublished":"2024-12-19T10:29:34+00:00","dateModified":"2025-01-29T12:11:53+00:00","mainEntityOfPage":{"@id":"https:\/\/www.siroco-hvac.com\/es\/gestion-termica-vehiculos-electricos\/"},"wordCount":404,"image":{"@id":"https:\/\/www.siroco-hvac.com\/es\/gestion-termica-vehiculos-electricos\/#primaryimage"},"thumbnailUrl":"https:\/\/www.siroco-hvac.com\/app\/uploads\/2024\/12\/siroco-tms.png","articleSection":["Prensa"],"inLanguage":"es-ES"},{"@type":"WebPage","@id":"https:\/\/www.siroco-hvac.com\/es\/gestion-termica-vehiculos-electricos\/","url":"https:\/\/www.siroco-hvac.com\/es\/gestion-termica-vehiculos-electricos\/","name":"PRENSA - GESTI\u00d3N T\u00c9RMICA PARA VEH\u00cdCULOS EL\u00c9CTRICOS - Siroco","isPartOf":{"@id":"https:\/\/www.siroco-hvac.com\/es\/#website"},"primaryImageOfPage":{"@id":"https:\/\/www.siroco-hvac.com\/es\/gestion-termica-vehiculos-electricos\/#primaryimage"},"image":{"@id":"https:\/\/www.siroco-hvac.com\/es\/gestion-termica-vehiculos-electricos\/#primaryimage"},"thumbnailUrl":"https:\/\/www.siroco-hvac.com\/app\/uploads\/2024\/12\/siroco-tms.png","datePublished":"2024-12-19T10:29:34+00:00","dateModified":"2025-01-29T12:11:53+00:00","author":{"@id":"https:\/\/www.siroco-hvac.com\/es\/#\/schema\/person\/d4d2c32d040c64f2717dc0630c2014eb"},"description":"Siroco presenta sus soluciones de gesti\u00f3n t\u00e9rmica para veh\u00edculos comerciales el\u00e9ctricos en la edici\u00f3n anual 2024 de IVT INTERNATIONAL.","breadcrumb":{"@id":"https:\/\/www.siroco-hvac.com\/es\/gestion-termica-vehiculos-electricos\/#breadcrumb"},"inLanguage":"es-ES","potentialAction":[{"@type":"ReadAction","target":["https:\/\/www.siroco-hvac.com\/es\/gestion-termica-vehiculos-electricos\/"]}]},{"@type":"ImageObject","inLanguage":"es-ES","@id":"https:\/\/www.siroco-hvac.com\/es\/gestion-termica-vehiculos-electricos\/#primaryimage","url":"https:\/\/www.siroco-hvac.com\/app\/uploads\/2024\/12\/siroco-tms.png","contentUrl":"https:\/\/www.siroco-hvac.com\/app\/uploads\/2024\/12\/siroco-tms.png","width":6000,"height":4000},{"@type":"BreadcrumbList","@id":"https:\/\/www.siroco-hvac.com\/es\/gestion-termica-vehiculos-electricos\/#breadcrumb","itemListElement":[{"@type":"ListItem","position":1,"name":"Home","item":"https:\/\/www.siroco-hvac.com\/es\/"},{"@type":"ListItem","position":2,"name":"PRENSA &#8211; GESTI\u00d3N T\u00c9RMICA PARA VEH\u00cdCULOS EL\u00c9CTRICOS"}]},{"@type":"WebSite","@id":"https:\/\/www.siroco-hvac.com\/es\/#website","url":"https:\/\/www.siroco-hvac.com\/es\/","name":"Siroco","description":"Energize the air","potentialAction":[{"@type":"SearchAction","target":{"@type":"EntryPoint","urlTemplate":"https:\/\/www.siroco-hvac.com\/es\/?s={search_term_string}"},"query-input":{"@type":"PropertyValueSpecification","valueRequired":true,"valueName":"search_term_string"}}],"inLanguage":"es-ES"},{"@type":"Person","@id":"https:\/\/www.siroco-hvac.com\/es\/#\/schema\/person\/d4d2c32d040c64f2717dc0630c2014eb","name":"cyndie2","image":{"@type":"ImageObject","inLanguage":"es-ES","@id":"https:\/\/secure.gravatar.com\/avatar\/3df8f728887d7fcf32e14fc3f5a9a2d01a07938686be9faefcabce63feb55ce6?s=96&d=mm&r=g","url":"https:\/\/secure.gravatar.com\/avatar\/3df8f728887d7fcf32e14fc3f5a9a2d01a07938686be9faefcabce63feb55ce6?s=96&d=mm&r=g","contentUrl":"https:\/\/secure.gravatar.com\/avatar\/3df8f728887d7fcf32e14fc3f5a9a2d01a07938686be9faefcabce63feb55ce6?s=96&d=mm&r=g","caption":"cyndie2"},"url":"https:\/\/www.siroco-hvac.com\/es\/author\/cyndie2\/"}]}},"_links":{"self":[{"href":"https:\/\/www.siroco-hvac.com\/es\/wp-json\/wp\/v2\/posts\/21295","targetHints":{"allow":["GET"]}}],"collection":[{"href":"https:\/\/www.siroco-hvac.com\/es\/wp-json\/wp\/v2\/posts"}],"about":[{"href":"https:\/\/www.siroco-hvac.com\/es\/wp-json\/wp\/v2\/types\/post"}],"author":[{"embeddable":true,"href":"https:\/\/www.siroco-hvac.com\/es\/wp-json\/wp\/v2\/users\/13"}],"replies":[{"embeddable":true,"href":"https:\/\/www.siroco-hvac.com\/es\/wp-json\/wp\/v2\/comments?post=21295"}],"version-history":[{"count":3,"href":"https:\/\/www.siroco-hvac.com\/es\/wp-json\/wp\/v2\/posts\/21295\/revisions"}],"predecessor-version":[{"id":21348,"href":"https:\/\/www.siroco-hvac.com\/es\/wp-json\/wp\/v2\/posts\/21295\/revisions\/21348"}],"wp:featuredmedia":[{"embeddable":true,"href":"https:\/\/www.siroco-hvac.com\/es\/wp-json\/wp\/v2\/media\/21286"}],"wp:attachment":[{"href":"https:\/\/www.siroco-hvac.com\/es\/wp-json\/wp\/v2\/media?parent=21295"}],"wp:term":[{"taxonomy":"category","embeddable":true,"href":"https:\/\/www.siroco-hvac.com\/es\/wp-json\/wp\/v2\/categories?post=21295"},{"taxonomy":"post_tag","embeddable":true,"href":"https:\/\/www.siroco-hvac.com\/es\/wp-json\/wp\/v2\/tags?post=21295"}],"curies":[{"name":"wp","href":"https:\/\/api.w.org\/{rel}","templated":true}]}}