{"id":20045,"date":"2023-12-15T10:19:05","date_gmt":"2023-12-15T09:19:05","guid":{"rendered":"https:\/\/www.siroco-hvac.com\/nouveau-plafonnier-pour-unite-de-toit-siroco\/"},"modified":"2023-12-15T12:13:09","modified_gmt":"2023-12-15T11:13:09","slug":"nouveau-plafonnier-pour-unite-de-toit-siroco","status":"publish","type":"post","link":"https:\/\/www.siroco-hvac.com\/es\/nouveau-plafonnier-pour-unite-de-toit-siroco\/","title":{"rendered":"Nueva techo para unidad de techo SIROCO"},"content":{"rendered":"<h3>Siroco completa su oferta de difusi\u00f3n de aire con un techo termoformado disponible en dos versiones, con mando integrado o remoto, especialmente dise\u00f1ado para ser instalado en cabinas peque\u00f1as y medianas, equipado con aire acondicionado de techo el\u00e9ctrico y t\u00e9rmico Siroco: el E -DUO TOP y el E-SOLANO TOP.<\/h3>\n<p>&nbsp;<\/p>\n<p><img loading=\"lazy\" decoding=\"async\" class=\"alignnone wp-image-19790\" src=\"https:\/\/www.siroco-hvac.com\/app\/uploads\/2023\/10\/ceiling-grey-e-hvac-e1698683395490-450x392.png\" alt=\"\" width=\"350\" height=\"295\" \/><\/p>\n<p>&nbsp;<\/p>\n<p>El plaf\u00f3n Siroco est\u00e1 destinado a veh\u00edculos el\u00e9ctricos y t\u00e9rmicos de peque\u00f1o y mediano tama\u00f1o: retroexcavadoras, veh\u00edculos de aeropuerto, barredoras, veh\u00edculos urbanos, veh\u00edculos de manutenci\u00f3n, ambulancias, veh\u00edculos utilitarios, dispongan o no de sistema de control. De hecho, el techo existe en 2 versiones: con mando integrado o sin mando.<\/p>\n<p>&nbsp;<\/p>\n<h2><span style=\"color: #0d02a6;\">COMPACTO, DELGADO Y F\u00c1CIL DE INSTALAR<\/span><\/h2>\n<p>&nbsp;<\/p>\n<p>Cada versi\u00f3n se compone de 4 difusores de aire II XL de di\u00e1metro 96 para una distribuci\u00f3n \u00f3ptima del flujo de aire en la cabina, un marco de filtro intercambiable de 30PPI que permite su limpieza y\/o sustituci\u00f3n, todo ello para una huella de 508* 408*54 mm.<br \/>\nCon un grosor de s\u00f3lo 54 mm, el techo es sencilla de instalar: cada versi\u00f3n contiene un kit de fijaci\u00f3n compuesto por 4 soportes y 4 tornillos.<\/p>\n<p>&nbsp;<\/p>\n<h2><span style=\"color: #0d02a6;\">TECHO CON CONTROL INTEGRADO<br \/>\n<\/span><\/h2>\n<p>&nbsp;<\/p>\n<p>La versi\u00f3n con control est\u00e1 dise\u00f1ada para conectarse a las siguientes unidades:<\/p>\n<ul>\n<li><a href=\"https:\/\/www.siroco-hvac.com\/es\/product\/e-duo-top-e-hvac-e-vac\/\">E-DUO TOP EHVAC<\/a> (48-80-96V) &amp; EVAC (24-48-80-96V)<\/li>\n<li><a href=\"https:\/\/www.siroco-hvac.com\/es\/product\/solano-top-e-hvac\/\">E-SOLANO TOP EHVAC<\/a> (48-80V)<\/li>\n<li><a href=\"https:\/\/www.siroco-hvac.com\/es\/product\/solano-top-hvac-evap\/\">SOLANO HVAC &amp; VAC<\/a> (12-24V)<\/li>\n<\/ul>\n<p>&nbsp;<\/p>\n<p>*Las versiones E-HVAC y E-VAC funcionan con 1 o 3 velocidades de compresor. Para saber qu\u00e9 compresor se adapta mejor a sus necesidades, le invitamos a ponerse en contacto con nuestro equipo de ventas a trav\u00e9s del siguiente formulario.<\/p>\n<p>&nbsp;<\/p>\n<h3>1. E-DUO TOP EHVAC &amp; EVAC + TECHO<\/h3>\n<p>&nbsp;<\/p>\n<p>Conectado al grupo de techo el\u00e9ctrico E-DUO TOP disponible en versiones EHVAC (48-80-96V) y EVAC (24-48-80-96V), el techo ofrece un caudal de aire nominal de 260 a 340m3\/h en la cabina. , una potencia calor\u00edfica de 2,4kW y una potencia frigor\u00edfica que oscila entre 2,6 y 3,6kW dependiendo de la tensi\u00f3n del compresor el\u00e9ctrico.<\/p>\n<p><img loading=\"lazy\" decoding=\"async\" class=\"alignnone wp-image-19468\" src=\"https:\/\/www.siroco-hvac.com\/app\/uploads\/2023\/10\/e-duo-top-362-e1696324875745.png\" alt=\"\" width=\"300\" height=\"223\" srcset=\"https:\/\/www.siroco-hvac.com\/app\/uploads\/2023\/10\/e-duo-top-362-e1696324875745.png 1308w, https:\/\/www.siroco-hvac.com\/app\/uploads\/2023\/10\/e-duo-top-362-e1696324875745-450x334.png 450w, https:\/\/www.siroco-hvac.com\/app\/uploads\/2023\/10\/e-duo-top-362-e1696324875745-1024x761.png 1024w, https:\/\/www.siroco-hvac.com\/app\/uploads\/2023\/10\/e-duo-top-362-e1696324875745-768x571.png 768w\" sizes=\"auto, (max-width: 300px) 100vw, 300px\" \/><\/p>\n<p>&nbsp;<\/p>\n<h3>2. E-SOLANO TOP EHVAC + TECHO<\/h3>\n<p>&nbsp;<\/p>\n<p>Conectada a la unidad de techo el\u00e9ctrica E-SOLANO TOP E-HVAC (48-80V), el techo ofrece un caudal de aire nominal de 255 m3\/h en la cabina, una potencia de calefacci\u00f3n de 2 kW y una capacidad de refrigeraci\u00f3n de 4,4 kW, dependiendo del la potencia del compresor el\u00e9ctrico.<\/p>\n<p><img loading=\"lazy\" decoding=\"async\" class=\"alignnone wp-image-19830\" src=\"https:\/\/www.siroco-hvac.com\/app\/uploads\/2022\/06\/solano-top-e1698682091959-450x299.png\" alt=\"\" width=\"300\" height=\"210\" \/><\/p>\n<h3>3. SOLANO TOP HVAC &amp; VAC + TECHO<\/h3>\n<p>&nbsp;<\/p>\n<p>Conectado al grupo t\u00e9rmico de techo SOLANO TOP disponible en versi\u00f3n HVAC y VAC (12-24V), el techo permite un caudal de aire nominal de 330m3\/h, una potencia calor\u00edfica de 4,8kW y una potencia frigor\u00edfica de 6kW.<\/p>\n<p>&nbsp;<\/p>\n<p>&nbsp;<\/p>\n<h2><span style=\"color: #0d02a6;\">TECHO CON CONTROL DEPORTADO<\/span><\/h2>\n<p>&nbsp;<\/p>\n<p><img loading=\"lazy\" decoding=\"async\" class=\"alignnone wp-image-19796\" src=\"https:\/\/www.siroco-hvac.com\/app\/uploads\/2023\/10\/ceiling-grey-e1702629592384.png\" alt=\"\" width=\"320\" height=\"293\" srcset=\"https:\/\/www.siroco-hvac.com\/app\/uploads\/2023\/10\/ceiling-grey-e1702629592384.png 1017w, https:\/\/www.siroco-hvac.com\/app\/uploads\/2023\/10\/ceiling-grey-e1702629592384-450x412.png 450w, https:\/\/www.siroco-hvac.com\/app\/uploads\/2023\/10\/ceiling-grey-e1702629592384-768x703.png 768w\" sizes=\"auto, (max-width: 320px) 100vw, 320px\" \/><\/p>\n<p>Para la versi\u00f3n de techo con control a distancia, son posibles varias soluciones de control:<\/p>\n<ul>\n<li><a href=\"https:\/\/www.siroco-hvac.com\/es\/product\/panel-de-control-cp2s-con-valvula-proporcional\/\">CP2S CON V\u00c1LVULA PROPORCIONAL<\/a><\/li>\n<li><a href=\"https:\/\/www.siroco-hvac.com\/es\/product\/panel-de-control-cp2s-para-calefaccion-electrica\/\">CP2S PARA CALEFACCI\u00d3N EL\u00c9CTRICA<\/a><\/li>\n<li><a href=\"https:\/\/www.siroco-hvac.com\/es\/product\/panel-de-control-cp2s-con-control-por-cable\/\">CP2S CON CONTROL POR CABLE<\/a><\/li>\n<\/ul>\n<p>&nbsp;<\/p>\n<p>Para m\u00e1s informaci\u00f3n o una oferta de precio, nuestro departamento comercial est\u00e1 a su disposici\u00f3n, por tel\u00e9fono o a trav\u00e9s del siguiente formulario.<\/p>\n","protected":false},"excerpt":{"rendered":"<p>Siroco completa su oferta de difusi\u00f3n de aire con un techo termoformado disponible en dos versiones, con mando integrado o&#8230;<\/p>\n","protected":false},"author":13,"featured_media":20041,"comment_status":"closed","ping_status":"closed","sticky":false,"template":"","format":"standard","meta":{"_acf_changed":false,"inline_featured_image":false,"footnotes":""},"categories":[122],"tags":[],"class_list":["post-20045","post","type-post","status-publish","format-standard","has-post-thumbnail","hentry","category-noticias-productos-es"],"acf":[],"yoast_head":"<!-- This site is optimized with the Yoast SEO plugin v27.4 - https:\/\/yoast.com\/product\/yoast-seo-wordpress\/ -->\n<title>Nueva techo para unidad de techo SIROCO - Siroco<\/title>\n<meta name=\"description\" content=\"Techo con mando integrado o remoto dise\u00f1ada para funcionar con una unidad de techo Siroco EHVAC-EVAC-HVAC-VAC\" \/>\n<meta name=\"robots\" content=\"index, follow, max-snippet:-1, max-image-preview:large, max-video-preview:-1\" \/>\n<link rel=\"canonical\" href=\"https:\/\/www.siroco-hvac.com\/es\/nouveau-plafonnier-pour-unite-de-toit-siroco\/\" \/>\n<meta property=\"og:locale\" content=\"es_ES\" \/>\n<meta property=\"og:type\" content=\"article\" \/>\n<meta property=\"og:title\" content=\"Nueva techo para unidad de techo SIROCO - Siroco\" \/>\n<meta property=\"og:description\" content=\"Techo con mando integrado o remoto dise\u00f1ada para funcionar con una unidad de techo Siroco EHVAC-EVAC-HVAC-VAC\" \/>\n<meta property=\"og:url\" content=\"https:\/\/www.siroco-hvac.com\/es\/nouveau-plafonnier-pour-unite-de-toit-siroco\/\" \/>\n<meta property=\"og:site_name\" content=\"Siroco\" \/>\n<meta property=\"article:published_time\" content=\"2023-12-15T09:19:05+00:00\" \/>\n<meta property=\"article:modified_time\" content=\"2023-12-15T11:13:09+00:00\" \/>\n<meta property=\"og:image\" content=\"https:\/\/www.siroco-hvac.com\/app\/uploads\/2023\/12\/plafonnier-pour-vignette.jpg\" \/>\n\t<meta property=\"og:image:width\" content=\"1200\" \/>\n\t<meta property=\"og:image:height\" content=\"1200\" \/>\n\t<meta property=\"og:image:type\" content=\"image\/jpeg\" \/>\n<meta name=\"author\" content=\"cyndie2\" \/>\n<meta name=\"twitter:card\" content=\"summary_large_image\" \/>\n<meta name=\"twitter:label1\" content=\"Written by\" \/>\n\t<meta name=\"twitter:data1\" content=\"cyndie2\" \/>\n\t<meta name=\"twitter:label2\" content=\"Est. reading time\" \/>\n\t<meta name=\"twitter:data2\" content=\"4 minutes\" \/>\n<script type=\"application\/ld+json\" class=\"yoast-schema-graph\">{\"@context\":\"https:\\\/\\\/schema.org\",\"@graph\":[{\"@type\":\"Article\",\"@id\":\"https:\\\/\\\/www.siroco-hvac.com\\\/es\\\/nouveau-plafonnier-pour-unite-de-toit-siroco\\\/#article\",\"isPartOf\":{\"@id\":\"https:\\\/\\\/www.siroco-hvac.com\\\/es\\\/nouveau-plafonnier-pour-unite-de-toit-siroco\\\/\"},\"author\":{\"name\":\"cyndie2\",\"@id\":\"https:\\\/\\\/www.siroco-hvac.com\\\/es\\\/#\\\/schema\\\/person\\\/d4d2c32d040c64f2717dc0630c2014eb\"},\"headline\":\"Nueva techo para unidad de techo SIROCO\",\"datePublished\":\"2023-12-15T09:19:05+00:00\",\"dateModified\":\"2023-12-15T11:13:09+00:00\",\"mainEntityOfPage\":{\"@id\":\"https:\\\/\\\/www.siroco-hvac.com\\\/es\\\/nouveau-plafonnier-pour-unite-de-toit-siroco\\\/\"},\"wordCount\":534,\"image\":{\"@id\":\"https:\\\/\\\/www.siroco-hvac.com\\\/es\\\/nouveau-plafonnier-pour-unite-de-toit-siroco\\\/#primaryimage\"},\"thumbnailUrl\":\"https:\\\/\\\/www.siroco-hvac.com\\\/app\\\/uploads\\\/2023\\\/12\\\/plafonnier-pour-vignette.jpg\",\"articleSection\":[\"Noticias de productos\"],\"inLanguage\":\"es-ES\"},{\"@type\":\"WebPage\",\"@id\":\"https:\\\/\\\/www.siroco-hvac.com\\\/es\\\/nouveau-plafonnier-pour-unite-de-toit-siroco\\\/\",\"url\":\"https:\\\/\\\/www.siroco-hvac.com\\\/es\\\/nouveau-plafonnier-pour-unite-de-toit-siroco\\\/\",\"name\":\"Nueva techo para unidad de techo SIROCO - Siroco\",\"isPartOf\":{\"@id\":\"https:\\\/\\\/www.siroco-hvac.com\\\/es\\\/#website\"},\"primaryImageOfPage\":{\"@id\":\"https:\\\/\\\/www.siroco-hvac.com\\\/es\\\/nouveau-plafonnier-pour-unite-de-toit-siroco\\\/#primaryimage\"},\"image\":{\"@id\":\"https:\\\/\\\/www.siroco-hvac.com\\\/es\\\/nouveau-plafonnier-pour-unite-de-toit-siroco\\\/#primaryimage\"},\"thumbnailUrl\":\"https:\\\/\\\/www.siroco-hvac.com\\\/app\\\/uploads\\\/2023\\\/12\\\/plafonnier-pour-vignette.jpg\",\"datePublished\":\"2023-12-15T09:19:05+00:00\",\"dateModified\":\"2023-12-15T11:13:09+00:00\",\"author\":{\"@id\":\"https:\\\/\\\/www.siroco-hvac.com\\\/es\\\/#\\\/schema\\\/person\\\/d4d2c32d040c64f2717dc0630c2014eb\"},\"description\":\"Techo con mando integrado o remoto dise\u00f1ada para funcionar con una unidad de techo Siroco EHVAC-EVAC-HVAC-VAC\",\"breadcrumb\":{\"@id\":\"https:\\\/\\\/www.siroco-hvac.com\\\/es\\\/nouveau-plafonnier-pour-unite-de-toit-siroco\\\/#breadcrumb\"},\"inLanguage\":\"es-ES\",\"potentialAction\":[{\"@type\":\"ReadAction\",\"target\":[\"https:\\\/\\\/www.siroco-hvac.com\\\/es\\\/nouveau-plafonnier-pour-unite-de-toit-siroco\\\/\"]}]},{\"@type\":\"ImageObject\",\"inLanguage\":\"es-ES\",\"@id\":\"https:\\\/\\\/www.siroco-hvac.com\\\/es\\\/nouveau-plafonnier-pour-unite-de-toit-siroco\\\/#primaryimage\",\"url\":\"https:\\\/\\\/www.siroco-hvac.com\\\/app\\\/uploads\\\/2023\\\/12\\\/plafonnier-pour-vignette.jpg\",\"contentUrl\":\"https:\\\/\\\/www.siroco-hvac.com\\\/app\\\/uploads\\\/2023\\\/12\\\/plafonnier-pour-vignette.jpg\",\"width\":1200,\"height\":1200},{\"@type\":\"BreadcrumbList\",\"@id\":\"https:\\\/\\\/www.siroco-hvac.com\\\/es\\\/nouveau-plafonnier-pour-unite-de-toit-siroco\\\/#breadcrumb\",\"itemListElement\":[{\"@type\":\"ListItem\",\"position\":1,\"name\":\"Home\",\"item\":\"https:\\\/\\\/www.siroco-hvac.com\\\/es\\\/\"},{\"@type\":\"ListItem\",\"position\":2,\"name\":\"Nueva techo para unidad de techo SIROCO\"}]},{\"@type\":\"WebSite\",\"@id\":\"https:\\\/\\\/www.siroco-hvac.com\\\/es\\\/#website\",\"url\":\"https:\\\/\\\/www.siroco-hvac.com\\\/es\\\/\",\"name\":\"Siroco\",\"description\":\"Energize the air\",\"potentialAction\":[{\"@type\":\"SearchAction\",\"target\":{\"@type\":\"EntryPoint\",\"urlTemplate\":\"https:\\\/\\\/www.siroco-hvac.com\\\/es\\\/?s={search_term_string}\"},\"query-input\":{\"@type\":\"PropertyValueSpecification\",\"valueRequired\":true,\"valueName\":\"search_term_string\"}}],\"inLanguage\":\"es-ES\"},{\"@type\":\"Person\",\"@id\":\"https:\\\/\\\/www.siroco-hvac.com\\\/es\\\/#\\\/schema\\\/person\\\/d4d2c32d040c64f2717dc0630c2014eb\",\"name\":\"cyndie2\",\"image\":{\"@type\":\"ImageObject\",\"inLanguage\":\"es-ES\",\"@id\":\"https:\\\/\\\/secure.gravatar.com\\\/avatar\\\/3df8f728887d7fcf32e14fc3f5a9a2d01a07938686be9faefcabce63feb55ce6?s=96&d=mm&r=g\",\"url\":\"https:\\\/\\\/secure.gravatar.com\\\/avatar\\\/3df8f728887d7fcf32e14fc3f5a9a2d01a07938686be9faefcabce63feb55ce6?s=96&d=mm&r=g\",\"contentUrl\":\"https:\\\/\\\/secure.gravatar.com\\\/avatar\\\/3df8f728887d7fcf32e14fc3f5a9a2d01a07938686be9faefcabce63feb55ce6?s=96&d=mm&r=g\",\"caption\":\"cyndie2\"},\"url\":\"https:\\\/\\\/www.siroco-hvac.com\\\/es\\\/author\\\/cyndie2\\\/\"}]}<\/script>\n<!-- \/ Yoast SEO plugin. -->","yoast_head_json":{"title":"Nueva techo para unidad de techo SIROCO - Siroco","description":"Techo con mando integrado o remoto dise\u00f1ada para funcionar con una unidad de techo Siroco EHVAC-EVAC-HVAC-VAC","robots":{"index":"index","follow":"follow","max-snippet":"max-snippet:-1","max-image-preview":"max-image-preview:large","max-video-preview":"max-video-preview:-1"},"canonical":"https:\/\/www.siroco-hvac.com\/es\/nouveau-plafonnier-pour-unite-de-toit-siroco\/","og_locale":"es_ES","og_type":"article","og_title":"Nueva techo para unidad de techo SIROCO - Siroco","og_description":"Techo con mando integrado o remoto dise\u00f1ada para funcionar con una unidad de techo Siroco EHVAC-EVAC-HVAC-VAC","og_url":"https:\/\/www.siroco-hvac.com\/es\/nouveau-plafonnier-pour-unite-de-toit-siroco\/","og_site_name":"Siroco","article_published_time":"2023-12-15T09:19:05+00:00","article_modified_time":"2023-12-15T11:13:09+00:00","og_image":[{"width":1200,"height":1200,"url":"https:\/\/www.siroco-hvac.com\/app\/uploads\/2023\/12\/plafonnier-pour-vignette.jpg","type":"image\/jpeg"}],"author":"cyndie2","twitter_card":"summary_large_image","twitter_misc":{"Written by":"cyndie2","Est. reading time":"4 minutes"},"schema":{"@context":"https:\/\/schema.org","@graph":[{"@type":"Article","@id":"https:\/\/www.siroco-hvac.com\/es\/nouveau-plafonnier-pour-unite-de-toit-siroco\/#article","isPartOf":{"@id":"https:\/\/www.siroco-hvac.com\/es\/nouveau-plafonnier-pour-unite-de-toit-siroco\/"},"author":{"name":"cyndie2","@id":"https:\/\/www.siroco-hvac.com\/es\/#\/schema\/person\/d4d2c32d040c64f2717dc0630c2014eb"},"headline":"Nueva techo para unidad de techo SIROCO","datePublished":"2023-12-15T09:19:05+00:00","dateModified":"2023-12-15T11:13:09+00:00","mainEntityOfPage":{"@id":"https:\/\/www.siroco-hvac.com\/es\/nouveau-plafonnier-pour-unite-de-toit-siroco\/"},"wordCount":534,"image":{"@id":"https:\/\/www.siroco-hvac.com\/es\/nouveau-plafonnier-pour-unite-de-toit-siroco\/#primaryimage"},"thumbnailUrl":"https:\/\/www.siroco-hvac.com\/app\/uploads\/2023\/12\/plafonnier-pour-vignette.jpg","articleSection":["Noticias de productos"],"inLanguage":"es-ES"},{"@type":"WebPage","@id":"https:\/\/www.siroco-hvac.com\/es\/nouveau-plafonnier-pour-unite-de-toit-siroco\/","url":"https:\/\/www.siroco-hvac.com\/es\/nouveau-plafonnier-pour-unite-de-toit-siroco\/","name":"Nueva techo para unidad de techo SIROCO - Siroco","isPartOf":{"@id":"https:\/\/www.siroco-hvac.com\/es\/#website"},"primaryImageOfPage":{"@id":"https:\/\/www.siroco-hvac.com\/es\/nouveau-plafonnier-pour-unite-de-toit-siroco\/#primaryimage"},"image":{"@id":"https:\/\/www.siroco-hvac.com\/es\/nouveau-plafonnier-pour-unite-de-toit-siroco\/#primaryimage"},"thumbnailUrl":"https:\/\/www.siroco-hvac.com\/app\/uploads\/2023\/12\/plafonnier-pour-vignette.jpg","datePublished":"2023-12-15T09:19:05+00:00","dateModified":"2023-12-15T11:13:09+00:00","author":{"@id":"https:\/\/www.siroco-hvac.com\/es\/#\/schema\/person\/d4d2c32d040c64f2717dc0630c2014eb"},"description":"Techo con mando integrado o remoto dise\u00f1ada para funcionar con una unidad de techo Siroco EHVAC-EVAC-HVAC-VAC","breadcrumb":{"@id":"https:\/\/www.siroco-hvac.com\/es\/nouveau-plafonnier-pour-unite-de-toit-siroco\/#breadcrumb"},"inLanguage":"es-ES","potentialAction":[{"@type":"ReadAction","target":["https:\/\/www.siroco-hvac.com\/es\/nouveau-plafonnier-pour-unite-de-toit-siroco\/"]}]},{"@type":"ImageObject","inLanguage":"es-ES","@id":"https:\/\/www.siroco-hvac.com\/es\/nouveau-plafonnier-pour-unite-de-toit-siroco\/#primaryimage","url":"https:\/\/www.siroco-hvac.com\/app\/uploads\/2023\/12\/plafonnier-pour-vignette.jpg","contentUrl":"https:\/\/www.siroco-hvac.com\/app\/uploads\/2023\/12\/plafonnier-pour-vignette.jpg","width":1200,"height":1200},{"@type":"BreadcrumbList","@id":"https:\/\/www.siroco-hvac.com\/es\/nouveau-plafonnier-pour-unite-de-toit-siroco\/#breadcrumb","itemListElement":[{"@type":"ListItem","position":1,"name":"Home","item":"https:\/\/www.siroco-hvac.com\/es\/"},{"@type":"ListItem","position":2,"name":"Nueva techo para unidad de techo SIROCO"}]},{"@type":"WebSite","@id":"https:\/\/www.siroco-hvac.com\/es\/#website","url":"https:\/\/www.siroco-hvac.com\/es\/","name":"Siroco","description":"Energize the air","potentialAction":[{"@type":"SearchAction","target":{"@type":"EntryPoint","urlTemplate":"https:\/\/www.siroco-hvac.com\/es\/?s={search_term_string}"},"query-input":{"@type":"PropertyValueSpecification","valueRequired":true,"valueName":"search_term_string"}}],"inLanguage":"es-ES"},{"@type":"Person","@id":"https:\/\/www.siroco-hvac.com\/es\/#\/schema\/person\/d4d2c32d040c64f2717dc0630c2014eb","name":"cyndie2","image":{"@type":"ImageObject","inLanguage":"es-ES","@id":"https:\/\/secure.gravatar.com\/avatar\/3df8f728887d7fcf32e14fc3f5a9a2d01a07938686be9faefcabce63feb55ce6?s=96&d=mm&r=g","url":"https:\/\/secure.gravatar.com\/avatar\/3df8f728887d7fcf32e14fc3f5a9a2d01a07938686be9faefcabce63feb55ce6?s=96&d=mm&r=g","contentUrl":"https:\/\/secure.gravatar.com\/avatar\/3df8f728887d7fcf32e14fc3f5a9a2d01a07938686be9faefcabce63feb55ce6?s=96&d=mm&r=g","caption":"cyndie2"},"url":"https:\/\/www.siroco-hvac.com\/es\/author\/cyndie2\/"}]}},"_links":{"self":[{"href":"https:\/\/www.siroco-hvac.com\/es\/wp-json\/wp\/v2\/posts\/20045","targetHints":{"allow":["GET"]}}],"collection":[{"href":"https:\/\/www.siroco-hvac.com\/es\/wp-json\/wp\/v2\/posts"}],"about":[{"href":"https:\/\/www.siroco-hvac.com\/es\/wp-json\/wp\/v2\/types\/post"}],"author":[{"embeddable":true,"href":"https:\/\/www.siroco-hvac.com\/es\/wp-json\/wp\/v2\/users\/13"}],"replies":[{"embeddable":true,"href":"https:\/\/www.siroco-hvac.com\/es\/wp-json\/wp\/v2\/comments?post=20045"}],"version-history":[{"count":3,"href":"https:\/\/www.siroco-hvac.com\/es\/wp-json\/wp\/v2\/posts\/20045\/revisions"}],"predecessor-version":[{"id":20058,"href":"https:\/\/www.siroco-hvac.com\/es\/wp-json\/wp\/v2\/posts\/20045\/revisions\/20058"}],"wp:featuredmedia":[{"embeddable":true,"href":"https:\/\/www.siroco-hvac.com\/es\/wp-json\/wp\/v2\/media\/20041"}],"wp:attachment":[{"href":"https:\/\/www.siroco-hvac.com\/es\/wp-json\/wp\/v2\/media?parent=20045"}],"wp:term":[{"taxonomy":"category","embeddable":true,"href":"https:\/\/www.siroco-hvac.com\/es\/wp-json\/wp\/v2\/categories?post=20045"},{"taxonomy":"post_tag","embeddable":true,"href":"https:\/\/www.siroco-hvac.com\/es\/wp-json\/wp\/v2\/tags?post=20045"}],"curies":[{"name":"wp","href":"https:\/\/api.w.org\/{rel}","templated":true}]}}